{"id":2682,"date":"2019-12-23T16:03:05","date_gmt":"2019-12-23T16:03:05","guid":{"rendered":"https:\/\/cursodepnl.com\/b\/?p=2682"},"modified":"2022-12-19T19:16:16","modified_gmt":"2022-12-19T19:16:16","slug":"ejercicio-mental-perfecto-estas-fechas","status":"publish","type":"post","link":"https:\/\/cursodepnl.com\/b\/ejercicio-mental-perfecto-estas-fechas\/","title":{"rendered":"Un ejercicio MENTAL perfecto en estas fechas"},"content":{"rendered":"<p>Hola, espero que est\u00e9s muy bien! Son momentos de agitaci\u00f3n, de estr\u00e9s para la mayor\u00eda&#8230;<\/p>\n<p>&#8230;de hacer una y mil cosas que van quedando pendientes&#8230;<\/p>\n<p>&#8230;reuniones con unos y con otros, eventos&#8230;cierres&#8230;<\/p>\n<p>&#8230;\u00e9pocas de an\u00e1lisis, de ponderar qu\u00e9 se hizo y qu\u00e9 no&#8230;<\/p>\n<p>&#8230;y t\u00fa, seguramente, est\u00e1s tan apurada\/o y atareada&#8230;<\/p>\n<p>&#8230;y por eso es muy importante que te tomes un tiempo para hacer este ejercicio que siempre aconsejo COMO INICIO a cada uno de las\/os suscriptas\/os y alumnas\/os de mis cursos.<\/p>\n<p><span style=\"font-size: 20px;\"><b>EL PUNTO DE PARTIDA IDEAL PARA LA TRAVES\u00cdA DE LA VIDA<\/b><\/span><\/p>\n<p>El punto de partida perfecto para cualquier traves\u00eda que quieras emprender requiere que est\u00e9s lista y preparada para afrontarla.<\/p>\n<p>Te dar\u00e9 un ejemplo: supongamos que quieres hacer una caminata en un d\u00eda caluroso de verano&#8230;<\/p>\n<ul>\n<li>usar\u00edas ropa blanca, holgada y fresca, un sombrero para el sol?<\/li>\n<li>llevar\u00edas agua fresca en un recipiente que la mantenga fr\u00eda la mayor cantidad de tiempo posible?<\/li>\n<li>tendr\u00edas alguna comida por las dudas, para darte energ\u00eda y fuerzas?<\/li>\n<\/ul>\n<p>Si no lo hicieras as\u00ed, qu\u00e9 crees que pasar\u00eda con tu caminata?<\/p>\n<p>Probablemente podr\u00eda convertirse en un problema para tu salud.<\/p>\n<p>O en algo que te terminar\u00e1s padeciendo y que, probablemente, nunca m\u00e1s quieras hacer.<\/p>\n<p><b>El problema no era la caminata en s\u00ed, sino que no te PREPARASTE para ella y ACTUASTE en consecuencia.<\/b><\/p>\n<p>Hoy quiero hablarte en este simple ejercicio sobre la \u00abPreparaci\u00f3n\u00bb para cualquier cosa que quieras afrontar de ahora en m\u00e1s&#8230;<\/p>\n<p>Sobre lo \u00abnecesario y esencial\u00bb que debes llevar contigo (en tu mente) a partir de hoy para EMPEZAR con el \u00abpie derecho\u00bb&#8230;<\/p>\n<p>Y eso es algo tan simple, tan f\u00e1cil y tan \u00abal alcance de la mano de cualquiera\u00bb que espero que no lo subestimes&#8230;<\/p>\n<p>&#8230;porque es uno de los ejercicios m\u00e1s EFECTIVOS y PODEROSOS que conozco para el inicio de cualquier meta, desaf\u00edo u objetivo que cualquiera se proponga en la vida.<\/p>\n<p><span style=\"font-size: 20px;\"><b>LISTA DE GRATITUD<\/b><\/span><\/p>\n<p>Lo que har\u00e1s a partir de hoy es conseguir un cuaderno nuevo (de cualquier tipo, el que te guste m\u00e1s y que puedas llevar contigo c\u00f3modamente en un bolso o tener siempre cerca).<\/p>\n<p>En ese cuaderno pondr\u00e1s en la primera hoja \u00abEstoy AGRADECIDA\/O por:\u00bb<\/p>\n<p>Y, a partir de hoy, empezar\u00e1s a anotar TODAS las cosas por las que te sientes agradecida\/o en tu vida. Cualquier cosa, por insignificante que parezca, pero que sea \u00abmeritoria\u00bb para decir un \u00abgracias\u00bb a alguien la pondr\u00e1s all\u00ed.<\/p>\n<p>No importa que repitas cosas, de hecho ver\u00e1s que siempre hay cosas por las que podr\u00e1s estar agradecida\/o cada d\u00eda.<\/p>\n<p>Lo importante es que las anotes, que veas que la lista crece.<\/p>\n<p><b>IMPORTANTE<\/b>: no sirve si s\u00f3lo lo piensas, debes anotarlo.<\/p>\n<p>Hay personas que quiz\u00e1s no encuentren nada para agradecer. Significa que no est\u00e1n prestando la debida atenci\u00f3n en sus vidas.<\/p>\n<p>Te dar\u00e9 un ejemplo: hace unos d\u00edas ven\u00eda en televisi\u00f3n una entrevista a una persona que se hab\u00eda curado de c\u00e1ncer de colon. Este hombre contaba c\u00f3mo, cada d\u00eda, cuando iba al ba\u00f1o a hacer sus necesidades, agradec\u00eda a Dios por poder hacerlo de modo normal. Durante mucho tiempo hab\u00eda tenido que usar el llamado \u00abano contra natura\u00bb.<\/p>\n<p>Fijate como un hecho que cada una da por sentado, y que pr\u00e1cticamente nadie \u00abagradece\u00bb era una bendici\u00f3n para este hombre.<\/p>\n<p><strong>Cosas \u00abirrelevantes\u00bb o que damos por sentadas tales como&nbsp;<\/strong><\/p>\n<div>\n<ul>\n<li>la salud tuya o de tu familia,<\/li>\n<li>el beber agua fresca y pura,<\/li>\n<li>el comer algo que te gusta o el mirar el sol y sentirlo en el rostro,<\/li>\n<li>el o\u00edr la voz de alguien que aprecias o que te hace bien,<\/li>\n<li>el tomar un t\u00e9 o disfrutar de un buen libro&#8230;<\/li>\n<li>&#8230;todo esto y mucho m\u00e1s es MOTIVO DE CELEBRACI\u00d3N y agradecimiento.<\/li>\n<\/ul>\n<\/div>\n<div><span style=\"font-size: 20px;\"><b>POR QU\u00c9 ES TAN EFECTIVO Y PODEROSO ESTE EJERCICIO?<\/b><\/span><br \/>\nPorque la mayor\u00eda de las personas empieza sus desaf\u00edos y metas \u00aben negativo\u00bb, pensando en c\u00f3mo fue que NO lo lograron antes, en todas las cosas que hicieron mal en el pasado, en la \u00abfalta de voluntad\u00bb, la \u00abfalta de perseverancia y constancia\u00bb u otros pensamientos y emociones negativas. Y eso equivale, siguiendo con el ejemplo del principio, a ponerse una mochila llena de piedras para iniciar la camina en el d\u00eda de calor exasperarte.<\/p>\n<p>En cambio, cuando CADA d\u00eda est\u00e1s anotando y viendo TU PROPIA LISTA de agradecimiento, realmente te das cuenta lo bendecida\/o que eres, todos los dones y talentos con los que cuentas, con toda la gente positiva que existe en este momento en el mundo, que existi\u00f3 en el pasado y que tambi\u00e9n ser\u00e1 parte de tu traves\u00eda&#8230;<\/p>\n<p>&#8230;ves c\u00f3mo s\u00ed est\u00e1s siendo amada constantemente y que NO est\u00e1s sola\/o&#8230;<\/p>\n<p>&#8230;y muchas cosas m\u00e1s que ir\u00e1s descubriendo cuando hagas este simple ejercicio.<\/p>\n<p><span style=\"font-size: 20px;\"><b><u>Te invito a que lo hagas y me cuentes c\u00f3mo te va!<\/u><\/b><\/span><\/p>\n<p>Si quieres nuestra orientaci\u00f3n, compa\u00f1\u00eda y ayuda para no s\u00f3lo \u00abllenar tu mochila mental con todo lo necesario\u00bb en el proceso de esta \u00abtraves\u00eda de la vida\u00bb para que, usando a\u00fan m\u00e1s todas las capacidades que tienes en tu mente para cambiar la realidad&#8230;<\/p>\n<\/div>\n<h2>&#8230;sino que LAS POTENCIES, entonces te invito a que empieces AHORA cualquiera de nuestros cursos de superaci\u00f3n pr\u00e1cticos&nbsp; <span style=\"font-size: 20px;\"><strong>y a distancia con los ultimos descuentos del a\u00f1o!!<\/strong><\/span><\/h2>\n<div><\/div>\n<ul style=\"list-style-type: circle;\">\n<li><span style=\"font-size: 20px;\"><a href=\"https:\/\/cursodepnl.com\/exitosq\/curso-de-pnl-rtg-te\/\">Curso de PNL y Superaci\u00f3n<\/a><\/span><\/li>\n<li><span style=\"font-size: 20px;\"><a href=\"https:\/\/aprendeoratoria.com\/sl\/curso-de-oratoria-online-con-super-descuento\/\">Curso de Oratoria e Influencia<\/a><\/span><\/li>\n<li><span style=\"font-size: 20px;\"><a href=\"https:\/\/virute.com\/cambia-mente-cambia-cuerpo\/\">Programa para Bajar de Peso Cambiando la Mente<\/a><\/span><\/li>\n<li><span style=\"font-size: 20px;\"><a href=\"https:\/\/cursodepnl.com\/exitosq\/exitosamentect\/\">Cursos todos los meses sobre superaci\u00f3n y PNL<\/a><\/span><\/li>\n<\/ul>\n<div><\/div>\n<div>Te aseguro que te cambiar\u00e1 a ti tambi\u00e9n, RADICALMENTE, para mejor en CADA cosa que hagas!<\/p>\n<p>Te mando cari\u00f1os y Felices Fiestas!<\/p>\n<div class=\"yj6qo\"><\/div>\n<\/div>\n<div>cari\u00f1os!!<\/div>\n<div>Sofia<\/div>\n","protected":false},"excerpt":{"rendered":"<p>Hola, espero que est\u00e9s muy bien! Son momentos de agitaci\u00f3n, de estr\u00e9s para la mayor\u00eda&#8230; &#8230;de hacer una y mil cosas que van quedando pendientes&#8230; &#8230;reuniones<span class=\"excerpt-hellip\"> [\u2026]<\/span><\/p>\n","protected":false},"author":3,"featured_media":2894,"comment_status":"open","ping_status":"open","sticky":false,"template":"","format":"standard","meta":{"footnotes":""},"categories":[4,2],"tags":[62,63],"class_list":["post-2682","post","type-post","status-publish","format-standard","has-post-thumbnail","hentry","category-inteligencia-emocional","category-superacion-y-exito","tag-gratitud","tag-pnl"],"yoast_head":"<!-- This site is optimized with the Yoast SEO plugin v25.4 - https:\/\/yoast.com\/wordpress\/plugins\/seo\/ -->\n<title>Un ejercicio MENTAL perfecto en estas fechas - Curso de PNL - Blog<\/title>\n<meta name=\"robots\" content=\"index, follow, max-snippet:-1, max-image-preview:large, max-video-preview:-1\" \/>\n<link rel=\"canonical\" href=\"https:\/\/cursodepnl.com\/b\/ejercicio-mental-perfecto-estas-fechas\/\" \/>\n<meta property=\"og:locale\" content=\"es_ES\" \/>\n<meta property=\"og:type\" content=\"article\" \/>\n<meta property=\"og:title\" content=\"Un ejercicio MENTAL perfecto en estas fechas - Curso de PNL - Blog\" \/>\n<meta property=\"og:description\" content=\"Hola, espero que est\u00e9s muy bien! Son momentos de agitaci\u00f3n, de estr\u00e9s para la mayor\u00eda&#8230; &#8230;de hacer una y mil cosas que van quedando pendientes&#8230; &#8230;reuniones [\u2026]\" \/>\n<meta property=\"og:url\" content=\"https:\/\/cursodepnl.com\/b\/ejercicio-mental-perfecto-estas-fechas\/\" \/>\n<meta property=\"og:site_name\" content=\"Curso de PNL - Blog\" \/>\n<meta property=\"article:publisher\" content=\"http:\/\/facebook.com\/pnlonline\" \/>\n<meta property=\"article:published_time\" content=\"2019-12-23T16:03:05+00:00\" \/>\n<meta property=\"article:modified_time\" content=\"2022-12-19T19:16:16+00:00\" \/>\n<meta property=\"og:image\" content=\"https:\/\/cursodepnl.com\/b\/wp-content\/uploads\/2019\/12\/ejercicio-fin-1-1.png\" \/>\n\t<meta property=\"og:image:width\" content=\"1200\" \/>\n\t<meta property=\"og:image:height\" content=\"628\" \/>\n\t<meta property=\"og:image:type\" content=\"image\/png\" \/>\n<meta name=\"author\" content=\"luciana\" \/>\n<meta name=\"twitter:card\" content=\"summary_large_image\" \/>\n<meta name=\"twitter:label1\" content=\"Escrito por\" \/>\n\t<meta name=\"twitter:data1\" content=\"luciana\" \/>\n\t<meta name=\"twitter:label2\" content=\"Tiempo de lectura\" \/>\n\t<meta name=\"twitter:data2\" content=\"5 minutos\" \/>\n<script type=\"application\/ld+json\" class=\"yoast-schema-graph\">{\"@context\":\"https:\/\/schema.org\",\"@graph\":[{\"@type\":\"WebPage\",\"@id\":\"https:\/\/cursodepnl.com\/b\/ejercicio-mental-perfecto-estas-fechas\/\",\"url\":\"https:\/\/cursodepnl.com\/b\/ejercicio-mental-perfecto-estas-fechas\/\",\"name\":\"Un ejercicio MENTAL perfecto en estas fechas - Curso de PNL - Blog\",\"isPartOf\":{\"@id\":\"https:\/\/cursodepnl.com\/b\/#website\"},\"primaryImageOfPage\":{\"@id\":\"https:\/\/cursodepnl.com\/b\/ejercicio-mental-perfecto-estas-fechas\/#primaryimage\"},\"image\":{\"@id\":\"https:\/\/cursodepnl.com\/b\/ejercicio-mental-perfecto-estas-fechas\/#primaryimage\"},\"thumbnailUrl\":\"https:\/\/cursodepnl.com\/b\/wp-content\/uploads\/2019\/12\/ejercicio-fin-1-1.png\",\"datePublished\":\"2019-12-23T16:03:05+00:00\",\"dateModified\":\"2022-12-19T19:16:16+00:00\",\"author\":{\"@id\":\"https:\/\/cursodepnl.com\/b\/#\/schema\/person\/3a812dcc36f204dd1bac200e77e4a3e2\"},\"breadcrumb\":{\"@id\":\"https:\/\/cursodepnl.com\/b\/ejercicio-mental-perfecto-estas-fechas\/#breadcrumb\"},\"inLanguage\":\"es\",\"potentialAction\":[{\"@type\":\"ReadAction\",\"target\":[\"https:\/\/cursodepnl.com\/b\/ejercicio-mental-perfecto-estas-fechas\/\"]}]},{\"@type\":\"ImageObject\",\"inLanguage\":\"es\",\"@id\":\"https:\/\/cursodepnl.com\/b\/ejercicio-mental-perfecto-estas-fechas\/#primaryimage\",\"url\":\"https:\/\/cursodepnl.com\/b\/wp-content\/uploads\/2019\/12\/ejercicio-fin-1-1.png\",\"contentUrl\":\"https:\/\/cursodepnl.com\/b\/wp-content\/uploads\/2019\/12\/ejercicio-fin-1-1.png\",\"width\":1200,\"height\":628},{\"@type\":\"BreadcrumbList\",\"@id\":\"https:\/\/cursodepnl.com\/b\/ejercicio-mental-perfecto-estas-fechas\/#breadcrumb\",\"itemListElement\":[{\"@type\":\"ListItem\",\"position\":1,\"name\":\"Portada\",\"item\":\"https:\/\/cursodepnl.com\/b\/\"},{\"@type\":\"ListItem\",\"position\":2,\"name\":\"Un ejercicio MENTAL perfecto en estas fechas\"}]},{\"@type\":\"WebSite\",\"@id\":\"https:\/\/cursodepnl.com\/b\/#website\",\"url\":\"https:\/\/cursodepnl.com\/b\/\",\"name\":\"Curso de PNL - Blog\",\"description\":\"Noticias de Liderazgo, Oratoria y Superaci\u00f3n\",\"potentialAction\":[{\"@type\":\"SearchAction\",\"target\":{\"@type\":\"EntryPoint\",\"urlTemplate\":\"https:\/\/cursodepnl.com\/b\/?s={search_term_string}\"},\"query-input\":{\"@type\":\"PropertyValueSpecification\",\"valueRequired\":true,\"valueName\":\"search_term_string\"}}],\"inLanguage\":\"es\"},{\"@type\":\"Person\",\"@id\":\"https:\/\/cursodepnl.com\/b\/#\/schema\/person\/3a812dcc36f204dd1bac200e77e4a3e2\",\"name\":\"luciana\",\"image\":{\"@type\":\"ImageObject\",\"inLanguage\":\"es\",\"@id\":\"https:\/\/cursodepnl.com\/b\/#\/schema\/person\/image\/\",\"url\":\"https:\/\/secure.gravatar.com\/avatar\/1ab1276754f05105d23decee0a1a20cfe5799d5393bde8cb0873c9fb16a19ea3?s=96&d=mm&r=g\",\"contentUrl\":\"https:\/\/secure.gravatar.com\/avatar\/1ab1276754f05105d23decee0a1a20cfe5799d5393bde8cb0873c9fb16a19ea3?s=96&d=mm&r=g\",\"caption\":\"luciana\"}}]}<\/script>\n<!-- \/ Yoast SEO plugin. -->","yoast_head_json":{"title":"Un ejercicio MENTAL perfecto en estas fechas - Curso de PNL - Blog","robots":{"index":"index","follow":"follow","max-snippet":"max-snippet:-1","max-image-preview":"max-image-preview:large","max-video-preview":"max-video-preview:-1"},"canonical":"https:\/\/cursodepnl.com\/b\/ejercicio-mental-perfecto-estas-fechas\/","og_locale":"es_ES","og_type":"article","og_title":"Un ejercicio MENTAL perfecto en estas fechas - Curso de PNL - Blog","og_description":"Hola, espero que est\u00e9s muy bien! Son momentos de agitaci\u00f3n, de estr\u00e9s para la mayor\u00eda&#8230; &#8230;de hacer una y mil cosas que van quedando pendientes&#8230; &#8230;reuniones [\u2026]","og_url":"https:\/\/cursodepnl.com\/b\/ejercicio-mental-perfecto-estas-fechas\/","og_site_name":"Curso de PNL - Blog","article_publisher":"http:\/\/facebook.com\/pnlonline","article_published_time":"2019-12-23T16:03:05+00:00","article_modified_time":"2022-12-19T19:16:16+00:00","og_image":[{"width":1200,"height":628,"url":"https:\/\/cursodepnl.com\/b\/wp-content\/uploads\/2019\/12\/ejercicio-fin-1-1.png","type":"image\/png"}],"author":"luciana","twitter_card":"summary_large_image","twitter_misc":{"Escrito por":"luciana","Tiempo de lectura":"5 minutos"},"schema":{"@context":"https:\/\/schema.org","@graph":[{"@type":"WebPage","@id":"https:\/\/cursodepnl.com\/b\/ejercicio-mental-perfecto-estas-fechas\/","url":"https:\/\/cursodepnl.com\/b\/ejercicio-mental-perfecto-estas-fechas\/","name":"Un ejercicio MENTAL perfecto en estas fechas - Curso de PNL - Blog","isPartOf":{"@id":"https:\/\/cursodepnl.com\/b\/#website"},"primaryImageOfPage":{"@id":"https:\/\/cursodepnl.com\/b\/ejercicio-mental-perfecto-estas-fechas\/#primaryimage"},"image":{"@id":"https:\/\/cursodepnl.com\/b\/ejercicio-mental-perfecto-estas-fechas\/#primaryimage"},"thumbnailUrl":"https:\/\/cursodepnl.com\/b\/wp-content\/uploads\/2019\/12\/ejercicio-fin-1-1.png","datePublished":"2019-12-23T16:03:05+00:00","dateModified":"2022-12-19T19:16:16+00:00","author":{"@id":"https:\/\/cursodepnl.com\/b\/#\/schema\/person\/3a812dcc36f204dd1bac200e77e4a3e2"},"breadcrumb":{"@id":"https:\/\/cursodepnl.com\/b\/ejercicio-mental-perfecto-estas-fechas\/#breadcrumb"},"inLanguage":"es","potentialAction":[{"@type":"ReadAction","target":["https:\/\/cursodepnl.com\/b\/ejercicio-mental-perfecto-estas-fechas\/"]}]},{"@type":"ImageObject","inLanguage":"es","@id":"https:\/\/cursodepnl.com\/b\/ejercicio-mental-perfecto-estas-fechas\/#primaryimage","url":"https:\/\/cursodepnl.com\/b\/wp-content\/uploads\/2019\/12\/ejercicio-fin-1-1.png","contentUrl":"https:\/\/cursodepnl.com\/b\/wp-content\/uploads\/2019\/12\/ejercicio-fin-1-1.png","width":1200,"height":628},{"@type":"BreadcrumbList","@id":"https:\/\/cursodepnl.com\/b\/ejercicio-mental-perfecto-estas-fechas\/#breadcrumb","itemListElement":[{"@type":"ListItem","position":1,"name":"Portada","item":"https:\/\/cursodepnl.com\/b\/"},{"@type":"ListItem","position":2,"name":"Un ejercicio MENTAL perfecto en estas fechas"}]},{"@type":"WebSite","@id":"https:\/\/cursodepnl.com\/b\/#website","url":"https:\/\/cursodepnl.com\/b\/","name":"Curso de PNL - Blog","description":"Noticias de Liderazgo, Oratoria y Superaci\u00f3n","potentialAction":[{"@type":"SearchAction","target":{"@type":"EntryPoint","urlTemplate":"https:\/\/cursodepnl.com\/b\/?s={search_term_string}"},"query-input":{"@type":"PropertyValueSpecification","valueRequired":true,"valueName":"search_term_string"}}],"inLanguage":"es"},{"@type":"Person","@id":"https:\/\/cursodepnl.com\/b\/#\/schema\/person\/3a812dcc36f204dd1bac200e77e4a3e2","name":"luciana","image":{"@type":"ImageObject","inLanguage":"es","@id":"https:\/\/cursodepnl.com\/b\/#\/schema\/person\/image\/","url":"https:\/\/secure.gravatar.com\/avatar\/1ab1276754f05105d23decee0a1a20cfe5799d5393bde8cb0873c9fb16a19ea3?s=96&d=mm&r=g","contentUrl":"https:\/\/secure.gravatar.com\/avatar\/1ab1276754f05105d23decee0a1a20cfe5799d5393bde8cb0873c9fb16a19ea3?s=96&d=mm&r=g","caption":"luciana"}}]}},"_links":{"self":[{"href":"https:\/\/cursodepnl.com\/b\/wp-json\/wp\/v2\/posts\/2682","targetHints":{"allow":["GET"]}}],"collection":[{"href":"https:\/\/cursodepnl.com\/b\/wp-json\/wp\/v2\/posts"}],"about":[{"href":"https:\/\/cursodepnl.com\/b\/wp-json\/wp\/v2\/types\/post"}],"author":[{"embeddable":true,"href":"https:\/\/cursodepnl.com\/b\/wp-json\/wp\/v2\/users\/3"}],"replies":[{"embeddable":true,"href":"https:\/\/cursodepnl.com\/b\/wp-json\/wp\/v2\/comments?post=2682"}],"version-history":[{"count":6,"href":"https:\/\/cursodepnl.com\/b\/wp-json\/wp\/v2\/posts\/2682\/revisions"}],"predecessor-version":[{"id":2895,"href":"https:\/\/cursodepnl.com\/b\/wp-json\/wp\/v2\/posts\/2682\/revisions\/2895"}],"wp:featuredmedia":[{"embeddable":true,"href":"https:\/\/cursodepnl.com\/b\/wp-json\/wp\/v2\/media\/2894"}],"wp:attachment":[{"href":"https:\/\/cursodepnl.com\/b\/wp-json\/wp\/v2\/media?parent=2682"}],"wp:term":[{"taxonomy":"category","embeddable":true,"href":"https:\/\/cursodepnl.com\/b\/wp-json\/wp\/v2\/categories?post=2682"},{"taxonomy":"post_tag","embeddable":true,"href":"https:\/\/cursodepnl.com\/b\/wp-json\/wp\/v2\/tags?post=2682"}],"curies":[{"name":"wp","href":"https:\/\/api.w.org\/{rel}","templated":true}]}}